{"id":160,"date":"2026-08-30T16:16:51","date_gmt":"2026-08-30T16:16:51","guid":{"rendered":"https:\/\/assuranceresponsabilitecivileprofessionnelle.fr\/blog\/rc-pro-medecin-liberal\/"},"modified":"2026-08-30T16:59:37","modified_gmt":"2026-08-30T16:59:37","slug":"rc-pro-medecin-liberal","status":"publish","type":"post","link":"https:\/\/assuranceresponsabilitecivileprofessionnelle.fr\/blog\/rc-pro-medecin-liberal\/","title":{"rendered":"RC pro m\u00e9decin lib\u00e9ral : ce qu&rsquo;impose l&rsquo;article L1142-2"},"content":{"rendered":"<p class=\"wp-block-paragraph\"><strong>Obligation v\u00e9rifi\u00e9e le 24 mars 2026.<\/strong> Oui. Un m\u00e9decin exer\u00e7ant \u00e0 titre lib\u00e9ral doit souscrire une assurance de responsabilit\u00e9 civile professionnelle. L\u2019<a href=\"https:\/\/www.legifrance.gouv.fr\/codes\/article_lc\/LEGIARTI000006687060\" target=\"_blank\" rel=\"noopener\">article L1142-2 du code de la sant\u00e9 publique<\/a>, dans sa version en vigueur au 24 mars 2026, impose cette couverture pour les dommages caus\u00e9s dans l\u2019exercice de la m\u00e9decine lib\u00e9rale.<\/p>\n\n<p class=\"wp-block-paragraph\"><strong>En bref<\/strong><\/p>\n\n<ul class=\"wp-block-list\"><li>La <strong>RC professionnelle<\/strong> rel\u00e8ve d\u2019une obligation l\u00e9gale pour le m\u00e9decin lib\u00e9ral, y compris lorsqu\u2019il exerce seul dans son cabinet.<\/li><li>Le plafond r\u00e9glementaire minimal atteint <strong>8 millions d\u2019euros par sinistre<\/strong> et <strong>15 millions d\u2019euros par ann\u00e9e d\u2019assurance<\/strong> pour les professionnels de sant\u00e9 lib\u00e9raux.<\/li><li>La garantie porte sur les cons\u00e9quences p\u00e9cuniaires d\u2019une responsabilit\u00e9 civile, notamment lors de dommages corporels imput\u00e9s \u00e0 un acte, une omission ou un d\u00e9faut d\u2019information.<\/li><li>Un accident m\u00e9dical non fautif ne se confond pas avec une faute m\u00e9dicale et peut relever, sous conditions, de l\u2019ONIAM.<\/li><li>La cessation d\u2019activit\u00e9 ne met pas m\u00e9caniquement fin au risque de r\u00e9clamation pour un acte ancien.<\/li><\/ul>\n\n<p class=\"wp-block-paragraph\">Cette page concerne les m\u00e9decins exer\u00e7ant en lib\u00e9ral, y compris dans le cadre d\u2019une activit\u00e9 mixte pour la part lib\u00e9rale de leur exercice. Elle ne permet pas de d\u00e9terminer si une r\u00e9clamation pr\u00e9cise sera indemnis\u00e9e ni de qualifier une faute m\u00e9dicale individuelle, questions qui rel\u00e8vent de l\u2019assureur, d\u2019un avocat, de l\u2019ordre professionnel comp\u00e9tent ou du juge.<\/p>\n\n<div id=\"ez-toc-container\" class=\"ez-toc-v2_0_86 counter-hierarchy ez-toc-counter ez-toc-grey ez-toc-container-direction\">\n<div class=\"ez-toc-title-container\">\n<p class=\"ez-toc-title\" style=\"cursor:inherit\">Sommaire<\/p>\n<span class=\"ez-toc-title-toggle\"><a href=\"#\" class=\"ez-toc-pull-right ez-toc-btn ez-toc-btn-xs ez-toc-btn-default ez-toc-toggle\" aria-label=\"Toggle Table of Content\"><span class=\"ez-toc-js-icon-con\"><span class=\"\"><span class=\"eztoc-hide\" style=\"display:none;\">Toggle<\/span><span class=\"ez-toc-icon-toggle-span\"><svg style=\"fill: #999;color:#999\" xmlns=\"http:\/\/www.w3.org\/2000\/svg\" class=\"list-377408\" width=\"20px\" height=\"20px\" viewBox=\"0 0 24 24\" fill=\"none\"><path d=\"M6 6H4v2h2V6zm14 0H8v2h12V6zM4 11h2v2H4v-2zm16 0H8v2h12v-2zM4 16h2v2H4v-2zm16 0H8v2h12v-2z\" fill=\"currentColor\"><\/path><\/svg><svg style=\"fill: #999;color:#999\" class=\"arrow-unsorted-368013\" xmlns=\"http:\/\/www.w3.org\/2000\/svg\" width=\"10px\" height=\"10px\" viewBox=\"0 0 24 24\" version=\"1.2\" baseProfile=\"tiny\"><path d=\"M18.2 9.3l-6.2-6.3-6.2 6.3c-.2.2-.3.4-.3.7s.1.5.3.7c.2.2.4.3.7.3h11c.3 0 .5-.1.7-.3.2-.2.3-.5.3-.7s-.1-.5-.3-.7zM5.8 14.7l6.2 6.3 6.2-6.3c.2-.2.3-.5.3-.7s-.1-.5-.3-.7c-.2-.2-.4-.3-.7-.3h-11c-.3 0-.5.1-.7.3-.2.2-.3.5-.3.7s.1.5.3.7z\"\/><\/svg><\/span><\/span><\/span><\/a><\/span><\/div>\n<nav><ul class='ez-toc-list ez-toc-list-level-1 eztoc-toggle-hide-by-default' ><li class='ez-toc-page-1 ez-toc-heading-level-2'><a class=\"ez-toc-link ez-toc-heading-1\" href=\"https:\/\/assuranceresponsabilitecivileprofessionnelle.fr\/blog\/rc-pro-medecin-liberal\/#Pourquoi_larticle_L1142-2_impose-t-il_une_RC_professionnelle_au_medecin_liberal\" >Pourquoi l\u2019article L1142-2 impose-t-il une RC professionnelle au m\u00e9decin lib\u00e9ral ?<\/a><\/li><li class='ez-toc-page-1 ez-toc-heading-level-2'><a class=\"ez-toc-link ez-toc-heading-2\" href=\"https:\/\/assuranceresponsabilitecivileprofessionnelle.fr\/blog\/rc-pro-medecin-liberal\/#Quels_dommages_corporels_et_quels_actes_relevent_de_la_responsabilite_civile_medicale\" >Quels dommages corporels et quels actes rel\u00e8vent de la responsabilit\u00e9 civile m\u00e9dicale ?<\/a><\/li><li class='ez-toc-page-1 ez-toc-heading-level-2'><a class=\"ez-toc-link ez-toc-heading-3\" href=\"https:\/\/assuranceresponsabilitecivileprofessionnelle.fr\/blog\/rc-pro-medecin-liberal\/#Quels_plafonds_minimaux_de_garantie_doit_respecter_lassurance_du_medecin_liberal\" >Quels plafonds minimaux de garantie doit respecter l\u2019assurance du m\u00e9decin lib\u00e9ral ?<\/a><\/li><li class='ez-toc-page-1 ez-toc-heading-level-2'><a class=\"ez-toc-link ez-toc-heading-4\" href=\"https:\/\/assuranceresponsabilitecivileprofessionnelle.fr\/blog\/rc-pro-medecin-liberal\/#Comment_verifier_que_les_actes_de_medecine_liberale_figurent_bien_dans_le_contrat\" >Comment v\u00e9rifier que les actes de m\u00e9decine lib\u00e9rale figurent bien dans le contrat ?<\/a><\/li><li class='ez-toc-page-1 ez-toc-heading-level-2'><a class=\"ez-toc-link ez-toc-heading-5\" href=\"https:\/\/assuranceresponsabilitecivileprofessionnelle.fr\/blog\/rc-pro-medecin-liberal\/#Que_devient_la_garantie_apres_une_retraite_un_remplacement_ou_une_cessation_dactivite\" >Que devient la garantie apr\u00e8s une retraite, un remplacement ou une cessation d\u2019activit\u00e9 ?<\/a><\/li><li class='ez-toc-page-1 ez-toc-heading-level-2'><a class=\"ez-toc-link ez-toc-heading-6\" href=\"https:\/\/assuranceresponsabilitecivileprofessionnelle.fr\/blog\/rc-pro-medecin-liberal\/#Comment_reagir_lorsquun_patient_formule_une_reclamation_contre_le_medecin\" >Comment r\u00e9agir lorsqu\u2019un patient formule une r\u00e9clamation contre le m\u00e9decin ?<\/a><\/li><\/ul><\/nav><\/div>\n<h2 class=\"wp-block-heading\"><span class=\"ez-toc-section\" id=\"Pourquoi_larticle_L1142-2_impose-t-il_une_RC_professionnelle_au_medecin_liberal\"><\/span>Pourquoi l\u2019article L1142-2 impose-t-il une RC professionnelle au m\u00e9decin lib\u00e9ral ?<span class=\"ez-toc-section-end\"><\/span><\/h2>\n\n<p class=\"wp-block-paragraph\">L\u2019article L1142-2 du code de la sant\u00e9 publique vise les professionnels de sant\u00e9 exer\u00e7ant \u00e0 titre lib\u00e9ral. Son premier alin\u00e9a impose de souscrire une assurance destin\u00e9e \u00e0 couvrir leur responsabilit\u00e9 civile ou administrative lorsqu\u2019elle peut \u00eatre engag\u00e9e en raison d\u2019atteintes subies par des tiers dans le cadre des activit\u00e9s de pr\u00e9vention, de diagnostic ou de soins.<\/p>\n\n<p class=\"wp-block-paragraph\">Pour un m\u00e9decin lib\u00e9ral, le texte ne cr\u00e9e pas une simple pr\u00e9caution contractuelle. Il fixe une <strong>assurance obligatoire<\/strong>. La source applicable est l\u2019<a href=\"https:\/\/www.legifrance.gouv.fr\/codes\/article_lc\/LEGIARTI000006687060\" target=\"_blank\" rel=\"noopener\">article L1142-2 du code de la sant\u00e9 publique<\/a>, version en vigueur au 24 mars 2026, consult\u00e9e le 24 mars 2026. Le statut juridique du cabinet, le niveau de chiffre d\u2019affaires ou l\u2019exercice sans personnel ne retirent pas cette obligation.<\/p>\n\n<p class=\"wp-block-paragraph\">Le texte concerne l\u2019exercice lib\u00e9ral parce que le praticien r\u00e9pond personnellement des cons\u00e9quences de son activit\u00e9 professionnelle dans les conditions pr\u00e9vues par le droit de la responsabilit\u00e9 m\u00e9dicale. La souscription doit donc correspondre aux actes r\u00e9ellement accomplis. Une attestation portant seulement une activit\u00e9 de consultation ne permet pas de pr\u00e9sumer la couverture d\u2019actes techniques, d\u2019une activit\u00e9 interventionnelle ou de pratiques compl\u00e9mentaires non d\u00e9clar\u00e9es.<\/p>\n\n<p class=\"wp-block-paragraph\">La m\u00e9decine lib\u00e9rale peut prendre des formes diverses. Le m\u00e9decin peut exercer en cabinet individuel, au sein d\u2019une soci\u00e9t\u00e9 d\u2019exercice, dans une maison de sant\u00e9 ou selon un exercice mixte associant activit\u00e9 salari\u00e9e et activit\u00e9 ind\u00e9pendante. L\u2019obligation attach\u00e9e \u00e0 l\u2019article L1142-2 suit l\u2019activit\u00e9 lib\u00e9rale. L\u2019assurance de l\u2019\u00e9tablissement employeur peut prot\u00e9ger le praticien salari\u00e9 dans certaines situations, mais elle ne remplace pas automatiquement le contrat requis pour ses actes accomplis \u00e0 titre ind\u00e9pendant.<\/p>\n\n<p class=\"wp-block-paragraph\">Les risques professionnels couverts ne se limitent pas \u00e0 l\u2019erreur technique spectaculaire. Une mise en cause peut porter sur une orientation tardive, une information insuffisante sur les risques d\u2019un traitement, une surveillance jug\u00e9e inadapt\u00e9e ou une difficult\u00e9 de coordination des soins. La responsabilit\u00e9 civile m\u00e9dicale intervient lorsque la responsabilit\u00e9 du praticien est recherch\u00e9e et que les conditions du contrat sont r\u00e9unies.<\/p>\n\n<p class=\"wp-block-paragraph\">Le droit de la sant\u00e9 distingue cependant la responsabilit\u00e9 du professionnel de la seule existence d\u2019un dommage. L\u2019<a href=\"https:\/\/www.legifrance.gouv.fr\/codes\/article_lc\/LEGIARTI000006687044\" target=\"_blank\" rel=\"noopener\">article L1142-1 du code de la sant\u00e9 publique<\/a>, version en vigueur au 24 mars 2026, pose le principe selon lequel les professionnels de sant\u00e9 ne sont responsables des cons\u00e9quences dommageables de leurs actes qu\u2019en cas de faute, hors r\u00e9gimes particuliers pr\u00e9vus par la loi. Cette r\u00e8gle explique pourquoi la nature exacte du fait reproch\u00e9 compte autant que l\u2019ampleur du pr\u00e9judice.<\/p>\n\n<p class=\"wp-block-paragraph\">La sanction du d\u00e9faut d\u2019assurance ne rel\u00e8ve pas d\u2019une simple difficult\u00e9 administrative. L\u2019<a href=\"https:\/\/www.legifrance.gouv.fr\/codes\/article_lc\/LEGIARTI000006687111\" target=\"_blank\" rel=\"noopener\">article L1142-25 du code de la sant\u00e9 publique<\/a>, version en vigueur au 24 mars 2026, pr\u00e9voit une amende de <strong>45 000 euros<\/strong> et peut \u00e9galement conduire \u00e0 une interdiction d\u2019exercer l\u2019activit\u00e9 professionnelle concern\u00e9e. La v\u00e9rification du contrat doit donc pr\u00e9c\u00e9der l\u2019ouverture ou la poursuite d\u2019une activit\u00e9 lib\u00e9rale.<\/p>\n\n<p class=\"wp-block-paragraph\">La pi\u00e8ce \u00e0 conserver est l\u2019attestation d\u2019assurance en cours de validit\u00e9, accompagn\u00e9e des conditions particuli\u00e8res permettant d\u2019identifier le praticien, la p\u00e9riode de garantie et l\u2019activit\u00e9 d\u00e9clar\u00e9e. Une attestation valide mais impr\u00e9cise ne permet pas de v\u00e9rifier la concordance entre les actes pratiqu\u00e9s et le risque d\u00e9clar\u00e9.<\/p>\n\n\n\n<figure class=\"wp-block-image size-large\"><img loading=\"lazy\" decoding=\"async\" width=\"1536\" height=\"1024\" src=\"https:\/\/assuranceresponsabilitecivileprofessionnelle.fr\/blog\/wp-content\/uploads\/2026\/08\/contrat-assurance-rc-pro-tampon-document.jpg\" alt=\"Contrat d&apos;assurance tamponn\u00e9 sans texte lisible sur un bureau\" class=\"wp-image-162\" srcset=\"https:\/\/assuranceresponsabilitecivileprofessionnelle.fr\/blog\/wp-content\/uploads\/2026\/08\/contrat-assurance-rc-pro-tampon-document.jpg 1536w, https:\/\/assuranceresponsabilitecivileprofessionnelle.fr\/blog\/wp-content\/uploads\/2026\/08\/contrat-assurance-rc-pro-tampon-document-300x200.jpg 300w, https:\/\/assuranceresponsabilitecivileprofessionnelle.fr\/blog\/wp-content\/uploads\/2026\/08\/contrat-assurance-rc-pro-tampon-document-1024x683.jpg 1024w, https:\/\/assuranceresponsabilitecivileprofessionnelle.fr\/blog\/wp-content\/uploads\/2026\/08\/contrat-assurance-rc-pro-tampon-document-768x512.jpg 768w\" sizes=\"auto, (max-width: 1536px) 100vw, 1536px\" \/><figcaption class=\"wp-element-caption\">Illustration g\u00e9n\u00e9r\u00e9e par intelligence artificielle.<\/figcaption><\/figure>\n\n<h2 class=\"wp-block-heading\"><span class=\"ez-toc-section\" id=\"Quels_dommages_corporels_et_quels_actes_relevent_de_la_responsabilite_civile_medicale\"><\/span>Quels dommages corporels et quels actes rel\u00e8vent de la responsabilit\u00e9 civile m\u00e9dicale ?<span class=\"ez-toc-section-end\"><\/span><\/h2>\n\n<p class=\"wp-block-paragraph\">La RC professionnelle m\u00e9dicale a pour objet de garantir les cons\u00e9quences financi\u00e8res d\u2019une responsabilit\u00e9 civile susceptible d\u2019\u00eatre mise \u00e0 la charge du m\u00e9decin. Dans ce cadre, les dommages corporels occupent une place centrale. Ils peuvent d\u00e9couler d\u2019une aggravation de l\u2019\u00e9tat de sant\u00e9, d\u2019une perte de chance, d\u2019une incapacit\u00e9, d\u2019un besoin d\u2019assistance ou de frais de soins futurs.<\/p>\n\n<p class=\"wp-block-paragraph\">La garantie ne se r\u00e9duit pas au versement \u00e9ventuel d\u2019une indemnisation patient. Selon les stipulations du contrat, elle comprend aussi la d\u00e9fense du m\u00e9decin lorsque sa responsabilit\u00e9 est recherch\u00e9e. Les frais d\u2019expertise, les frais de proc\u00e9dure et l\u2019assistance juridique sont souvent d\u00e9terminants dans les dossiers m\u00e9dicaux complexes. Leur prise en charge exacte d\u00e9pend toutefois du contrat souscrit, de ses plafonds, de ses franchises et de ses exclusions.<\/p>\n\n<p class=\"wp-block-paragraph\">Un reproche peut concerner un diagnostic, un traitement, une prescription, une surveillance clinique ou une information d\u00e9livr\u00e9e au patient. Le devoir d\u2019information est encadr\u00e9 par l\u2019<a href=\"https:\/\/www.legifrance.gouv.fr\/codes\/article_lc\/LEGIARTI000006685767\" target=\"_blank\" rel=\"noopener\">article L1111-2 du code de la sant\u00e9 publique<\/a>, version en vigueur au 24 mars 2026, consult\u00e9e le 24 mars 2026. Le texte pr\u00e9voit que toute personne a droit \u00e0 une information sur son \u00e9tat de sant\u00e9, les investigations, traitements ou actions de pr\u00e9vention propos\u00e9s, leur utilit\u00e9, leurs cons\u00e9quences, leurs risques fr\u00e9quents ou graves normalement pr\u00e9visibles ainsi que les autres solutions possibles.<\/p>\n\n<p class=\"wp-block-paragraph\">Dans une r\u00e9clamation, l\u2019existence d\u2019un dommage ne suffit pas \u00e0 elle seule \u00e0 \u00e9tablir la responsabilit\u00e9 du m\u00e9decin. Il faut examiner l\u2019acte r\u00e9alis\u00e9, les donn\u00e9es m\u00e9dicales disponibles au moment des soins, la conduite tenue, l\u2019information donn\u00e9e et le lien entre le grief all\u00e9gu\u00e9 et le pr\u00e9judice. Cette appr\u00e9ciation ne peut pas \u00eatre tranch\u00e9e par la seule lecture d\u2019une attestation d\u2019assurance.<\/p>\n\n<p class=\"wp-block-paragraph\">La distinction entre faute m\u00e9dicale et accident m\u00e9dical non fautif est structurante. Lorsqu\u2019un dommage r\u00e9sulte d\u2019un al\u00e9a th\u00e9rapeutique r\u00e9pondant aux conditions l\u00e9gales de gravit\u00e9 et d\u2019anormalit\u00e9, l\u2019indemnisation peut relever de la solidarit\u00e9 nationale. L\u2019<a href=\"https:\/\/www.oniam.fr\" target=\"_blank\" rel=\"noopener\">Office national d\u2019indemnisation des accidents m\u00e9dicaux<\/a> intervient dans le cadre fix\u00e9 par le code de la sant\u00e9 publique. Cette voie ne signifie pas que chaque complication donne lieu \u00e0 une indemnisation par l\u2019ONIAM.<\/p>\n\n<p class=\"wp-block-paragraph\">La responsabilit\u00e9 civile du m\u00e9decin peut \u00eatre recherch\u00e9e lorsqu\u2019une faute est all\u00e9gu\u00e9e. L\u2019accident m\u00e9dical non fautif suppose, \u00e0 l\u2019inverse, l\u2019absence de faute retenue contre le praticien ou l\u2019\u00e9tablissement concern\u00e9. La fronti\u00e8re d\u00e9pend des faits, des expertises et de la proc\u00e9dure engag\u00e9e. Si un assureur refuse sa garantie ou si une offre d\u2019indemnisation est contest\u00e9e, le m\u00e9decin ne peut pas obtenir sur cette page une r\u00e9ponse individualis\u00e9e ; il doit consulter son conseil, son ordre professionnel ou, selon le diff\u00e9rend, le <a href=\"https:\/\/www.mediation-assurance.org\" target=\"_blank\" rel=\"noopener\">M\u00e9diateur de l\u2019Assurance<\/a>.<\/p>\n\n<p class=\"wp-block-paragraph\">Le contrat d\u2019assurance ne remplace pas le dossier m\u00e9dical, la tra\u00e7abilit\u00e9 des \u00e9changes ni les proc\u00e9dures internes du cabinet. Ces \u00e9l\u00e9ments peuvent devenir d\u00e9cisifs dans l\u2019analyse d\u2019une r\u00e9clamation. L\u2019assurance finance le risque assur\u00e9 ; elle ne transforme pas un dossier insuffisamment document\u00e9 en acte m\u00e9dical justifi\u00e9.<\/p>\n\n<p class=\"wp-block-paragraph\">La couverture doit donc \u00eatre lue \u00e0 partir des actes effectivement r\u00e9alis\u00e9s. Une activit\u00e9 d\u00e9clar\u00e9e comme \u00ab m\u00e9decine g\u00e9n\u00e9rale \u00bb ne renseigne pas, \u00e0 elle seule, sur l\u2019ensemble des gestes, techniques ou orientations particuli\u00e8res pratiqu\u00e9s. La concordance documentaire est la premi\u00e8re protection contre un diff\u00e9rend ult\u00e9rieur sur l\u2019\u00e9tendue de la garantie.<\/p>\n\n<figure class=\"is-provider-youtube is-type-video wp-block-embed wp-block-embed-youtube wp-embed-aspect-16-9 wp-has-aspect-ratio\"><div class=\"wp-block-embed__wrapper\">\n<iframe loading=\"lazy\" title=\"L&amp;apos;Assurance Responsabilit\u00e9 Civile Professionnelle (RC PRO) expliqu\u00e9e simplement !\" width=\"500\" height=\"281\" src=\"https:\/\/www.youtube.com\/embed\/Bxifhy0Ql88?feature=oembed\" frameborder=\"0\" allow=\"accelerometer; autoplay; clipboard-write; encrypted-media; gyroscope; picture-in-picture; web-share\" referrerpolicy=\"strict-origin-when-cross-origin\" allowfullscreen><\/iframe>\n<\/div><\/figure>\n\n<h2 class=\"wp-block-heading\"><span class=\"ez-toc-section\" id=\"Quels_plafonds_minimaux_de_garantie_doit_respecter_lassurance_du_medecin_liberal\"><\/span>Quels plafonds minimaux de garantie doit respecter l\u2019assurance du m\u00e9decin lib\u00e9ral ?<span class=\"ez-toc-section-end\"><\/span><\/h2>\n\n<p class=\"wp-block-paragraph\">L\u2019article L1142-2 autorise les contrats d\u2019assurance \u00e0 pr\u00e9voir des plafonds de garantie pour les professionnels de sant\u00e9 exer\u00e7ant \u00e0 titre lib\u00e9ral. Il renvoie \u00e0 un d\u00e9cret en Conseil d\u2019\u00c9tat la fixation des conditions de plafonnement et du montant minimal applicable. Le m\u00e9decin ne peut donc pas se satisfaire d\u2019un plafond choisi sans r\u00e9f\u00e9rence au minimum r\u00e9glementaire.<\/p>\n\n<p class=\"wp-block-paragraph\">L\u2019<a href=\"https:\/\/www.legifrance.gouv.fr\/codes\/section_lc\/LEGITEXT000006072665\/LEGISCTA000006171207\/\" target=\"_blank\" rel=\"noopener\">article R1142-4 du code de la sant\u00e9 publique<\/a>, version en vigueur au 24 mars 2026, fixe le plafond minimal \u00e0 <strong>8 millions d\u2019euros par sinistre<\/strong> et \u00e0 <strong>15 millions d\u2019euros par ann\u00e9e d\u2019assurance<\/strong>. Ces montants sont des planchers r\u00e9glementaires pour les contrats souscrits par les professionnels de sant\u00e9 lib\u00e9raux concern\u00e9s, et non une estimation du co\u00fbt d\u2019un sinistre ni une promesse d\u2019indemnisation int\u00e9grale dans tous les cas.<\/p>\n\n<figure class=\"wp-block-table\"><table>\n<thead>\n<tr>\n<th>\u00c9l\u00e9ment v\u00e9rifi\u00e9<\/th>\n<th>R\u00e8gle applicable au m\u00e9decin lib\u00e9ral<\/th>\n<th>Cons\u00e9quence pratique pour le contrat<\/th>\n<\/tr>\n<\/thead>\n<tbody>\n<tr>\n<td>Obligation d\u2019assurance<\/td>\n<td>Assurance impos\u00e9e par l\u2019article L1142-2 du code de la sant\u00e9 publique.<\/td>\n<td>Une activit\u00e9 lib\u00e9rale ne doit pas d\u00e9buter sans contrat de responsabilit\u00e9 civile professionnelle en vigueur.<\/td>\n<\/tr>\n<tr>\n<td>Plafond par sinistre<\/td>\n<td>Minimum r\u00e9glementaire de 8 millions d\u2019euros pr\u00e9vu par l\u2019article R1142-4.<\/td>\n<td>Le plafond contractuel ne peut pas \u00eatre inf\u00e9rieur \u00e0 ce seuil pour le champ r\u00e9glement\u00e9.<\/td>\n<\/tr>\n<tr>\n<td>Plafond annuel<\/td>\n<td>Minimum r\u00e9glementaire de 15 millions d\u2019euros par ann\u00e9e d\u2019assurance.<\/td>\n<td>Il faut examiner le plafond global lorsque plusieurs r\u00e9clamations surviennent durant la m\u00eame p\u00e9riode.<\/td>\n<\/tr>\n<tr>\n<td>Activit\u00e9s garanties<\/td>\n<td>Les actes d\u00e9clar\u00e9s au contrat d\u00e9terminent le p\u00e9rim\u00e8tre assur\u00e9.<\/td>\n<td>Une activit\u00e9 nouvelle ou technique doit \u00eatre d\u00e9clar\u00e9e avant sa r\u00e9alisation si le contrat l\u2019exige.<\/td>\n<\/tr>\n<tr>\n<td>D\u00e9faut d\u2019assurance<\/td>\n<td>Sanction pr\u00e9vue par l\u2019article L1142-25 du code de la sant\u00e9 publique.<\/td>\n<td>Le praticien s\u2019expose \u00e0 une amende et \u00e0 une possible interdiction d\u2019exercice.<\/td>\n<\/tr>\n<\/tbody>\n<\/table><\/figure>\n\n<p class=\"wp-block-paragraph\">Un plafond par sinistre correspond au montant maximal de garantie mobilisable pour un m\u00eame \u00e9v\u00e9nement couvert, dans les limites et conditions du contrat. Le plafond annuel agr\u00e8ge, quant \u00e0 lui, les sinistres susceptibles d\u2019\u00eatre garantis pendant une m\u00eame ann\u00e9e d\u2019assurance. Ces deux donn\u00e9es doivent \u00eatre lues ensemble. Un contrat peut respecter le minimum r\u00e9glementaire et comporter d\u2019autres limites propres aux frais, aux garanties annexes ou \u00e0 certains territoires.<\/p>\n\n<p class=\"wp-block-paragraph\">Les sp\u00e9cialit\u00e9s expos\u00e9es \u00e0 des dommages corporels graves n\u00e9cessitent une lecture particuli\u00e8rement attentive de ces montants. L\u2019enjeu ne consiste pas \u00e0 affirmer qu\u2019une sp\u00e9cialit\u00e9 serait syst\u00e9matiquement plus risqu\u00e9e qu\u2019une autre, mais \u00e0 rapprocher les actes r\u00e9ellement pratiqu\u00e9s du plafond indiqu\u00e9 dans les conditions particuli\u00e8res. Les cons\u00e9quences financi\u00e8res d\u2019un handicap durable, d\u2019une assistance par tierce personne ou de soins \u00e0 long terme peuvent \u00eatre tr\u00e8s \u00e9lev\u00e9es.<\/p>\n\n<p class=\"wp-block-paragraph\">Le plafond ne doit pas \u00eatre confondu avec la franchise. La franchise repr\u00e9sente la part restant \u00e9ventuellement \u00e0 la charge de l\u2019assur\u00e9 selon les clauses du contrat. Elle n\u2019est pas fix\u00e9e par l\u2019article R1142-4. Seules les conditions g\u00e9n\u00e9rales et particuli\u00e8res sign\u00e9es permettent d\u2019identifier son montant et ses modalit\u00e9s d\u2019application.<\/p>\n\n<p class=\"wp-block-paragraph\">Le m\u00e9decin doit aussi v\u00e9rifier le nombre de sinistres admis au cours de l\u2019ann\u00e9e contractuelle, les \u00e9ventuelles limites par garantie et le traitement des frais de d\u00e9fense. Une formulation telle que \u00ab frais inclus dans le plafond \u00bb ou \u00ab frais en sus du plafond \u00bb produit des effets diff\u00e9rents lorsqu\u2019un dossier n\u00e9cessite des expertises multiples et une proc\u00e9dure longue.<\/p>\n\n<p class=\"wp-block-paragraph\">Les montants r\u00e9glementaires constituent un minimum l\u00e9gal. Ils ne dispensent pas d\u2019examiner les restrictions inscrites dans le contrat. L\u2019attestation permet de v\u00e9rifier l\u2019existence de la couverture ; les conditions contractuelles permettent d\u2019en lire les limites r\u00e9elles.<\/p>\n\n<h2 class=\"wp-block-heading\"><span class=\"ez-toc-section\" id=\"Comment_verifier_que_les_actes_de_medecine_liberale_figurent_bien_dans_le_contrat\"><\/span>Comment v\u00e9rifier que les actes de m\u00e9decine lib\u00e9rale figurent bien dans le contrat ?<span class=\"ez-toc-section-end\"><\/span><\/h2>\n\n<p class=\"wp-block-paragraph\">La v\u00e9rification utile commence par les conditions particuli\u00e8res, non par la seule d\u00e9nomination commerciale du contrat. Le m\u00e9decin doit y retrouver son identit\u00e9 ou celle de sa structure d\u2019exercice, la date d\u2019effet, la p\u00e9riode de validit\u00e9, les plafonds et surtout la description de l\u2019activit\u00e9 assur\u00e9e. Le libell\u00e9 doit correspondre aux pratiques r\u00e9ellement exerc\u00e9es.<\/p>\n\n<p class=\"wp-block-paragraph\">Cette lecture devient n\u00e9cessaire lorsqu\u2019une activit\u00e9 \u00e9volue. Un m\u00e9decin peut ajouter une consultation sp\u00e9cialis\u00e9e, utiliser une technique particuli\u00e8re, r\u00e9aliser des gestes compl\u00e9mentaires ou exercer dans plusieurs cadres. Le contrat ne couvre pas n\u00e9cessairement toute activit\u00e9 relevant de la profession m\u00e9dicale au sens large. Son p\u00e9rim\u00e8tre se d\u00e9duit des d\u00e9clarations de l\u2019assur\u00e9 et des stipulations accept\u00e9es par l\u2019assureur.<\/p>\n\n<p class=\"wp-block-paragraph\">La responsabilit\u00e9 civile professionnelle n\u2019est donc pas un document fig\u00e9. Une modification durable de l\u2019activit\u00e9 appelle une d\u00e9claration \u00e0 l\u2019assureur avant la mise en \u0153uvre, lorsque les conditions g\u00e9n\u00e9rales ou particuli\u00e8res le pr\u00e9voient. L\u2019assureur peut alors confirmer le maintien des garanties, demander un avenant, modifier la cotisation ou exclure une pratique. Sans cet \u00e9change \u00e9crit, le m\u00e9decin ne dispose pas d\u2019une preuve suffisante de la couverture d\u2019un acte nouveau.<\/p>\n\n<p class=\"wp-block-paragraph\">Une v\u00e9rification documentaire peut suivre cette s\u00e9quence :<\/p>\n\n<ol class=\"wp-block-list\"><li>Comparer l\u2019intitul\u00e9 de l\u2019activit\u00e9 figurant sur l\u2019attestation avec les actes pratiqu\u00e9s au cabinet ou dans les lieux d\u2019intervention d\u00e9clar\u00e9s.<\/li><li>Lire les conditions particuli\u00e8res afin d\u2019identifier les sp\u00e9cialit\u00e9s, techniques ou activit\u00e9s compl\u00e9mentaires express\u00e9ment mentionn\u00e9es.<\/li><li>Rechercher dans les conditions g\u00e9n\u00e9rales les exclusions concernant certains actes, certains produits, certains territoires ou certaines activit\u00e9s non d\u00e9clar\u00e9es.<\/li><li>Contr\u00f4ler les plafonds par sinistre et par ann\u00e9e, ainsi que la place des frais de d\u00e9fense dans ces plafonds.<\/li><li>Demander une confirmation ou un avenant \u00e9crit avant d\u2019ajouter une activit\u00e9 qui n\u2019appara\u00eet pas clairement dans les documents.<\/li><\/ol>\n\n<p class=\"wp-block-paragraph\">La d\u00e9livrance d\u2019une attestation ne r\u00e9pond pas \u00e0 toutes les questions. Elle \u00e9tablit normalement que le contrat existe \u00e0 une date donn\u00e9e, mais elle ne reproduit pas toujours les exclusions, les franchises, les conditions de d\u00e9claration du risque ou la totalit\u00e9 des garanties compl\u00e9mentaires. Le lecteur doit donc demander les documents contractuels applicables \u00e0 sa situation, avec leur date d\u2019\u00e9dition.<\/p>\n\n<p class=\"wp-block-paragraph\">Le d\u00e9lai de d\u00e9claration d\u2019un changement d\u2019activit\u00e9 d\u00e9pend du contrat et des r\u00e8gles relatives \u00e0 la d\u00e9claration du risque. L\u2019<a href=\"https:\/\/www.legifrance.gouv.fr\/codes\/article_lc\/LEGIARTI000006792018\" target=\"_blank\" rel=\"noopener\">article L113-2 du code des assurances<\/a>, version en vigueur au 24 mars 2026, impose notamment \u00e0 l\u2019assur\u00e9 de r\u00e9pondre exactement aux questions pos\u00e9es par l\u2019assureur lors de la souscription et de d\u00e9clarer, en cours de contrat, les circonstances nouvelles rendant inexactes ou caduques les r\u00e9ponses ant\u00e9rieures lorsque celles-ci aggravent les risques ou en cr\u00e9ent de nouveaux.<\/p>\n\n<p class=\"wp-block-paragraph\">Ce m\u00e9canisme ne permet pas de pr\u00e9sumer qu\u2019une omission entra\u00eene automatiquement un refus de garantie. Les cons\u00e9quences d\u00e9pendent du contrat, des questions pos\u00e9es, de la nature de l\u2019\u00e9volution et des r\u00e8gles applicables. Un litige concret sur ce point exige l\u2019examen des \u00e9changes \u00e9crits, du bulletin de souscription et des conditions contractuelles par un avocat ou par l\u2019organisme comp\u00e9tent.<\/p>\n\n<p class=\"wp-block-paragraph\">La page consacr\u00e9e aux <a href=\"https:\/\/assuranceresponsabilitecivileprofessionnelle.fr\/blog\/professions-liberales-assurances\/\">assurances des professions lib\u00e9rales r\u00e9glement\u00e9es<\/a> permet de situer cette obligation parmi celles qui concernent d\u2019autres activit\u00e9s ind\u00e9pendantes. Pour le m\u00e9decin, la r\u00e8gle reste attach\u00e9e \u00e0 l\u2019exercice de soins \u00e0 titre lib\u00e9ral et au risque propre aux patients.<\/p>\n\n<figure class=\"is-provider-youtube is-type-video wp-block-embed wp-block-embed-youtube wp-embed-aspect-16-9 wp-has-aspect-ratio\"><div class=\"wp-block-embed__wrapper\">\n<iframe loading=\"lazy\" title=\"La responsabilit\u00e9 d\u00e9lictuelle (responsabilit\u00e9 extracontractuelle) : d\u00e9finition et conditions\" width=\"500\" height=\"281\" src=\"https:\/\/www.youtube.com\/embed\/JVdYv_MvBr4?feature=oembed\" frameborder=\"0\" allow=\"accelerometer; autoplay; clipboard-write; encrypted-media; gyroscope; picture-in-picture; web-share\" referrerpolicy=\"strict-origin-when-cross-origin\" allowfullscreen><\/iframe>\n<\/div><\/figure>\n\n<h2 class=\"wp-block-heading\"><span class=\"ez-toc-section\" id=\"Que_devient_la_garantie_apres_une_retraite_un_remplacement_ou_une_cessation_dactivite\"><\/span>Que devient la garantie apr\u00e8s une retraite, un remplacement ou une cessation d\u2019activit\u00e9 ?<span class=\"ez-toc-section-end\"><\/span><\/h2>\n\n<p class=\"wp-block-paragraph\">La fin de l\u2019exercice ne fait pas dispara\u00eetre imm\u00e9diatement le risque de r\u00e9clamation. En mati\u00e8re m\u00e9dicale, un patient peut engager une d\u00e9marche longtemps apr\u00e8s l\u2019acte de soins, notamment lorsque les cons\u00e9quences du dommage apparaissent ou se consolident ult\u00e9rieurement. La question de la garantie post\u00e9rieure \u00e0 la r\u00e9siliation doit donc \u00eatre examin\u00e9e avant une retraite, une cessation ou un changement d\u2019assureur.<\/p>\n\n<p class=\"wp-block-paragraph\">L\u2019<a href=\"https:\/\/www.legifrance.gouv.fr\/codes\/article_lc\/LEGIARTI000006685969\" target=\"_blank\" rel=\"noopener\">article L1142-28 du code de la sant\u00e9 publique<\/a>, version en vigueur au 24 mars 2026, pr\u00e9voit un d\u00e9lai de prescription de dix ans \u00e0 compter de la consolidation du dommage pour les actions tendant \u00e0 mettre en cause la responsabilit\u00e9 des professionnels de sant\u00e9 ou des \u00e9tablissements de sant\u00e9 publics ou priv\u00e9s \u00e0 raison d\u2019actes de pr\u00e9vention, de diagnostic ou de soins. Cette r\u00e8gle explique l\u2019attention port\u00e9e \u00e0 la dur\u00e9e de la garantie subs\u00e9quente.<\/p>\n\n<p class=\"wp-block-paragraph\">La garantie subs\u00e9quente concerne les r\u00e9clamations formul\u00e9es apr\u00e8s la fin d\u2019un contrat, pour des faits intervenus avant cette fin. Son r\u00e9gime exact d\u00e9pend de la nature du contrat, de la date des faits, de la date de la r\u00e9clamation et des stipulations applicables. Elle ne doit pas \u00eatre confondue avec une simple prolongation automatique du contrat ni avec le maintien de toutes les garanties annexes.<\/p>\n\n<p class=\"wp-block-paragraph\">Le code des assurances encadre les contrats de responsabilit\u00e9 fonctionnant selon la base r\u00e9clamation. L\u2019<a href=\"https:\/\/www.legifrance.gouv.fr\/codes\/article_lc\/LEGIARTI000006792105\" target=\"_blank\" rel=\"noopener\">article L251-2 du code des assurances<\/a>, version en vigueur au 24 mars 2026, pr\u00e9voit un dispositif de garantie subs\u00e9quente pour les contrats concern\u00e9s. La dur\u00e9e, les conditions de d\u00e9clenchement et les exceptions doivent \u00eatre lues dans le contrat m\u00e9dical remis au praticien.<\/p>\n\n<p class=\"wp-block-paragraph\">Un changement d\u2019assureur appelle la m\u00eame rigueur. Il faut conserver l\u2019attestation de l\u2019ancien contrat, le certificat de r\u00e9siliation, les conditions g\u00e9n\u00e9rales et les conditions particuli\u00e8res applicables pendant chaque p\u00e9riode d\u2019exercice. En cas de r\u00e9clamation post\u00e9rieure, ces documents permettent d\u2019identifier le contrat susceptible d\u2019\u00eatre mobilis\u00e9 selon la date du fait, la date de r\u00e9clamation et le m\u00e9canisme de garantie pr\u00e9vu.<\/p>\n\n<p class=\"wp-block-paragraph\">Le remplacement m\u00e9dical doit aussi \u00eatre distingu\u00e9 de l\u2019exercice personnel habituel. Le m\u00e9decin rempla\u00e7ant qui intervient \u00e0 titre lib\u00e9ral reste expos\u00e9 \u00e0 une obligation d\u2019assurance attach\u00e9e \u00e0 son activit\u00e9. Les modalit\u00e9s pratiques peuvent varier selon le contrat du m\u00e9decin remplac\u00e9, les conventions applicables et l\u2019organisation de la structure, mais aucune de ces circonstances ne justifie de pr\u00e9sumer une couverture sans document \u00e9crit.<\/p>\n\n<p class=\"wp-block-paragraph\">Lors d\u2019une cessation, les documents \u00e0 demander portent sur la confirmation de la p\u00e9riode subs\u00e9quente, son point de d\u00e9part, les plafonds applicables, la conservation des garanties de d\u00e9fense et les coordonn\u00e9es du service charg\u00e9 des anciennes r\u00e9clamations. Les ayants droit peuvent aussi avoir besoin de ces pi\u00e8ces si une proc\u00e9dure intervient apr\u00e8s le d\u00e9c\u00e8s du praticien.<\/p>\n\n<p class=\"wp-block-paragraph\">Le maintien d\u2019archives m\u00e9dicales et contractuelles compl\u00e8te cette pr\u00e9caution. Le contrat g\u00e8re la dimension assurantielle ; il ne remplace ni le respect des r\u00e8gles de conservation du dossier m\u00e9dical, ni les obligations d\u00e9ontologiques. La protection documentaire doit suivre la dur\u00e9e pendant laquelle une mise en cause reste juridiquement possible.<\/p>\n\n<h2 class=\"wp-block-heading\"><span class=\"ez-toc-section\" id=\"Comment_reagir_lorsquun_patient_formule_une_reclamation_contre_le_medecin\"><\/span>Comment r\u00e9agir lorsqu\u2019un patient formule une r\u00e9clamation contre le m\u00e9decin ?<span class=\"ez-toc-section-end\"><\/span><\/h2>\n\n<p class=\"wp-block-paragraph\">La premi\u00e8re \u00e9tape consiste \u00e0 qualifier le document re\u00e7u sans tirer de conclusion h\u00e2tive. Une demande d\u2019explication, un courrier d\u2019avocat, une expertise, une convocation devant une commission ou une assignation ne produisent pas les m\u00eames effets. Le contrat fixe souvent une proc\u00e9dure de d\u00e9claration et un d\u00e9lai pour transmettre les pi\u00e8ces \u00e0 l\u2019assureur.<\/p>\n\n<p class=\"wp-block-paragraph\">L\u2019<a href=\"https:\/\/www.legifrance.gouv.fr\/codes\/article_lc\/LEGIARTI000006792018\" target=\"_blank\" rel=\"noopener\">article L113-2 du code des assurances<\/a>, consult\u00e9 le 24 mars 2026 dans sa version en vigueur, impose \u00e0 l\u2019assur\u00e9 de donner avis \u00e0 l\u2019assureur de tout sinistre de nature \u00e0 entra\u00eener la garantie d\u00e8s qu\u2019il en a connaissance et au plus tard dans le d\u00e9lai fix\u00e9 par le contrat. Ce d\u00e9lai ne peut pas \u00eatre inf\u00e9rieur \u00e0 cinq jours ouvr\u00e9s, sauf cas particuliers pr\u00e9vus par le texte pour d\u2019autres risques. Le contrat m\u00e9dical peut pr\u00e9ciser les canaux de d\u00e9claration et les documents attendus.<\/p>\n\n<p class=\"wp-block-paragraph\">La d\u00e9claration doit \u00eatre factuelle. Elle doit reprendre la date des soins, la date de r\u00e9ception de la demande, l\u2019identit\u00e9 des personnes concern\u00e9es, les documents re\u00e7us et les \u00e9l\u00e9ments m\u00e9dicaux utiles, sans reconstruire a posteriori une version inexacte des faits. Le m\u00e9decin conserve une copie compl\u00e8te de l\u2019envoi et de son accus\u00e9 de r\u00e9ception.<\/p>\n\n<p class=\"wp-block-paragraph\">Il ne faut pas confondre transmission \u00e0 l\u2019assureur et reconnaissance de responsabilit\u00e9. La mission de l\u2019assureur consiste \u00e0 analyser l\u2019application des garanties et \u00e0 organiser, le cas \u00e9ch\u00e9ant, la d\u00e9fense de l\u2019assur\u00e9. Le m\u00e9decin ne doit pas promettre une indemnisation patient ni accepter seul une transaction avant d\u2019avoir obtenu les instructions pr\u00e9vues par son contrat.<\/p>\n\n<p class=\"wp-block-paragraph\">La communication avec le patient exige une attention particuli\u00e8re. La relation de soins, l\u2019information et l\u2019acc\u00e8s aux documents m\u00e9dicaux suivent leurs propres r\u00e8gles. Le contrat de RC professionnelle ne permet pas de refuser une demande l\u00e9gitime de dossier m\u00e9dical. L\u2019<a href=\"https:\/\/www.legifrance.gouv.fr\/codes\/article_lc\/LEGIARTI000006685766\" target=\"_blank\" rel=\"noopener\">article L1111-7 du code de la sant\u00e9 publique<\/a>, version en vigueur au 24 mars 2026, organise le droit d\u2019acc\u00e8s de la personne aux informations concernant sa sant\u00e9.<\/p>\n\n<p class=\"wp-block-paragraph\">Lorsque la r\u00e9clamation porte sur une expertise ou un dommage grave, le m\u00e9decin transmet sans d\u00e9lai les convocations, pi\u00e8ces de proc\u00e9dure et \u00e9changes de l\u2019avocat adverse. Une absence \u00e0 expertise, une r\u00e9ponse tardive ou une conservation incompl\u00e8te des documents peut compliquer la d\u00e9fense du dossier, ind\u00e9pendamment de la question de savoir si la responsabilit\u00e9 est finalement retenue.<\/p>\n\n<p class=\"wp-block-paragraph\">Le m\u00e9decin qui conteste une d\u00e9cision de garantie, une gestion de dossier ou une proposition de r\u00e8glement doit relire les voies de recours indiqu\u00e9es dans son contrat. Le recours au service r\u00e9clamation de l\u2019assureur pr\u00e9c\u00e8de g\u00e9n\u00e9ralement la saisine du M\u00e9diateur de l\u2019Assurance lorsque celle-ci est possible. Pour une question de responsabilit\u00e9 m\u00e9dicale ou de proc\u00e9dure judiciaire, seul un avocat peut fournir une analyse individualis\u00e9e.<\/p>\n\n<p class=\"wp-block-paragraph\">Avant toute interruption d\u2019activit\u00e9, ouvrez l\u2019attestation et les conditions particuli\u00e8res, v\u00e9rifiez l\u2019activit\u00e9 d\u00e9clar\u00e9e, les plafonds et la dur\u00e9e de garantie subs\u00e9quente, puis demandez un \u00e9crit \u00e0 l\u2019assureur si l\u2019un de ces \u00e9l\u00e9ments ne correspond pas \u00e0 votre exercice r\u00e9el.<\/p>\n\n\n<h3>La RC professionnelle est-elle impos\u00e9e \u00e0 tout m\u00e9decin lib\u00e9ral ?<\/h3>\n<p>Oui. L\u2019article L1142-2 du code de la sant\u00e9 publique impose une assurance de responsabilit\u00e9 civile professionnelle aux professionnels de sant\u00e9 exer\u00e7ant \u00e0 titre lib\u00e9ral. L\u2019obligation a \u00e9t\u00e9 v\u00e9rifi\u00e9e le 24 mars 2026 sur L\u00e9gifrance.<\/p>\n<h3>Quel est le plafond r\u00e9glementaire minimal pour un m\u00e9decin lib\u00e9ral ?<\/h3>\n<p>L\u2019article R1142-4 du code de la sant\u00e9 publique fixe un plafond minimal de 8 millions d\u2019euros par sinistre et de 15 millions d\u2019euros par ann\u00e9e d\u2019assurance pour les professionnels de sant\u00e9 lib\u00e9raux concern\u00e9s.<\/p>\n<h3>Une complication m\u00e9dicale est-elle toujours couverte par la responsabilit\u00e9 civile du m\u00e9decin ?<\/h3>\n<p>Non. La responsabilit\u00e9 du professionnel suppose notamment l\u2019examen d\u2019une faute \u00e9ventuelle. Un accident m\u00e9dical non fautif peut, sous les conditions pr\u00e9vues par la loi, relever de l\u2019indemnisation par la solidarit\u00e9 nationale via l\u2019ONIAM.<\/p>\n<h3>Faut-il conserver son contrat apr\u00e8s un d\u00e9part \u00e0 la retraite ?<\/h3>\n<p>Oui. Une r\u00e9clamation peut \u00eatre pr\u00e9sent\u00e9e apr\u00e8s la cessation d\u2019activit\u00e9. Il faut conserver les attestations, les conditions contractuelles et la confirmation de la garantie subs\u00e9quente applicable aux actes r\u00e9alis\u00e9s pendant l\u2019exercice.<\/p>\n\n","protected":false},"excerpt":{"rendered":"<p>Obligation v\u00e9rifi\u00e9e le 24 mars 2026. Oui. Un m\u00e9decin exer\u00e7ant \u00e0 titre lib\u00e9ral doit souscrire une assurance de responsabilit\u00e9 civile professionnelle. L\u2019article L1142-2 du code de la sant\u00e9 publique, dans sa version en vigueur au 24 mars 2026, impose cette couverture pour les dommages caus\u00e9s dans l\u2019exercice de la m\u00e9decine lib\u00e9rale. En bref Cette page [&hellip;]<\/p>\n","protected":false},"author":1,"featured_media":161,"comment_status":"open","ping_status":"closed","sticky":false,"template":"","format":"standard","meta":{"footnotes":""},"categories":[17],"tags":[],"class_list":["post-160","post","type-post","status-publish","format-standard","has-post-thumbnail","hentry","category-contrats-rc-pro-decryptes"],"_links":{"self":[{"href":"https:\/\/assuranceresponsabilitecivileprofessionnelle.fr\/blog\/wp-json\/wp\/v2\/posts\/160","targetHints":{"allow":["GET"]}}],"collection":[{"href":"https:\/\/assuranceresponsabilitecivileprofessionnelle.fr\/blog\/wp-json\/wp\/v2\/posts"}],"about":[{"href":"https:\/\/assuranceresponsabilitecivileprofessionnelle.fr\/blog\/wp-json\/wp\/v2\/types\/post"}],"author":[{"embeddable":true,"href":"https:\/\/assuranceresponsabilitecivileprofessionnelle.fr\/blog\/wp-json\/wp\/v2\/users\/1"}],"replies":[{"embeddable":true,"href":"https:\/\/assuranceresponsabilitecivileprofessionnelle.fr\/blog\/wp-json\/wp\/v2\/comments?post=160"}],"version-history":[{"count":2,"href":"https:\/\/assuranceresponsabilitecivileprofessionnelle.fr\/blog\/wp-json\/wp\/v2\/posts\/160\/revisions"}],"predecessor-version":[{"id":164,"href":"https:\/\/assuranceresponsabilitecivileprofessionnelle.fr\/blog\/wp-json\/wp\/v2\/posts\/160\/revisions\/164"}],"wp:featuredmedia":[{"embeddable":true,"href":"https:\/\/assuranceresponsabilitecivileprofessionnelle.fr\/blog\/wp-json\/wp\/v2\/media\/161"}],"wp:attachment":[{"href":"https:\/\/assuranceresponsabilitecivileprofessionnelle.fr\/blog\/wp-json\/wp\/v2\/media?parent=160"}],"wp:term":[{"taxonomy":"category","embeddable":true,"href":"https:\/\/assuranceresponsabilitecivileprofessionnelle.fr\/blog\/wp-json\/wp\/v2\/categories?post=160"},{"taxonomy":"post_tag","embeddable":true,"href":"https:\/\/assuranceresponsabilitecivileprofessionnelle.fr\/blog\/wp-json\/wp\/v2\/tags?post=160"}],"curies":[{"name":"wp","href":"https:\/\/api.w.org\/{rel}","templated":true}]}}